



{"id":163245,"date":"2019-07-01T13:19:13","date_gmt":"2019-07-01T11:19:13","guid":{"rendered":"https:\/\/www.idnerja.com\/?p=163245"},"modified":"2019-07-01T13:42:05","modified_gmt":"2019-07-01T11:42:05","slug":"el-sol-julio-2019","status":"publish","type":"post","link":"https:\/\/www.idnerja.com\/es\/el-sol-julio-2019\/","title":{"rendered":"\u00abEl Sol\u00bb julio 2019"},"content":{"rendered":"<h1><strong>CINCO CURIOSIDADES SOBRE EL MAR MEDITERR\u00c1NEO<\/strong><\/h1>\n<p><img fetchpriority=\"high\" decoding=\"async\" class=\" wp-image-163161 alignright\" src=\"https:\/\/www.idnerja.com\/wp-content\/uploads\/2019\/06\/IMG-20190521-WA0007-350x350.jpg\" alt=\"Nerja faces the Mediterranean Sea\" width=\"240\" height=\"240\" srcset=\"https:\/\/www.idnerja.com\/wp-content\/uploads\/2019\/06\/IMG-20190521-WA0007-350x350.jpg 350w, https:\/\/www.idnerja.com\/wp-content\/uploads\/2019\/06\/IMG-20190521-WA0007-150x150.jpg 150w, https:\/\/www.idnerja.com\/wp-content\/uploads\/2019\/06\/IMG-20190521-WA0007-768x768.jpg 768w, https:\/\/www.idnerja.com\/wp-content\/uploads\/2019\/06\/IMG-20190521-WA0007-700x700.jpg 700w, https:\/\/www.idnerja.com\/wp-content\/uploads\/2019\/06\/IMG-20190521-WA0007-100x100.jpg 100w, https:\/\/www.idnerja.com\/wp-content\/uploads\/2019\/06\/IMG-20190521-WA0007-140x140.jpg 140w, https:\/\/www.idnerja.com\/wp-content\/uploads\/2019\/06\/IMG-20190521-WA0007-500x500.jpg 500w, https:\/\/www.idnerja.com\/wp-content\/uploads\/2019\/06\/IMG-20190521-WA0007-1000x1000.jpg 1000w, https:\/\/www.idnerja.com\/wp-content\/uploads\/2019\/06\/IMG-20190521-WA0007-800x800.jpg 800w, https:\/\/www.idnerja.com\/wp-content\/uploads\/2019\/06\/IMG-20190521-WA0007.jpg 1600w\" sizes=\"(max-width: 240px) 100vw, 240px\" \/>Cada a\u00f1o, millones de turistas visitan las costas del <strong>mar Mediterr\u00e1neo<\/strong>, conocidas por sus magn\u00edficas playas distribuidas en una veintena de pa\u00edses.<\/p>\n<p>La diversidad biol\u00f3gica en sus aguas de temperaturas agradables es uno de los puntos por los que destaca este mar por el que han pasado multitud de civilizaciones a lo largo de la historia como los egipcios, fenicios, griegos, cartagineses o romanos.<\/p>\n<p>En este post compartimos parte de los secretos de este mar que ba\u00f1a, entre otras muchas, nuestras preciadas Pitiusas: Ibiza y Formentera.<\/p>\n<h2><strong>Ba\u00f1a 20 pa\u00edses y 3 continentes <\/strong><\/h2>\n<p>El mar mediterr\u00e1neo est\u00e1 rodeado por veinte pa\u00edses que pertenecen a los continentes de Europa, \u00c1frica y Asia. Algunos de ellos son Italia, Espa\u00f1a, Francia, Grecia, Turqu\u00eda, L\u00edbano, Egipto, Libia, T\u00fanez, Argelia o Marruecos. Unos 100 millones de visitantes hacen de las costas mediterr\u00e1neas uno de los principales focos tur\u00edsticos mundiales.<\/p>\n<h2><strong>Representa un 1% de la superficie de los oc\u00e9anos <\/strong><\/h2>\n<p>El mar Mediterr\u00e1neo tiene una superficie de 2,51 millones de kil\u00f3metros cuadrados. A\u00fan as\u00ed, representa un insignificante 1 % de la superficie total de los oc\u00e9anos. Cuenta con 46.000 kil\u00f3metros de litoral.<\/p>\n<h2><strong>Su profundidad m\u00e1xima supera los 5.000 metros<\/strong><\/h2>\n<p>La profundidad media del mediterr\u00e1neo es de 1.430 metros, sin embargo, en la fosa de Matap\u00e1n, cerca de Grecia, la cota m\u00e1s profunda del mar alcanza m\u00e1s de 5.000 metros, en concreto 5.267.<\/p>\n<p>Muy lejos en cualquier caso de la mayor profundidad del oc\u00e9ano documentada, cerca de la isla de Guam, al norte de las Islas Filipinas, en la famosa fosa de las Marianas, con una profundidad de 11.033 metros.<\/p>\n<h2><strong><img decoding=\"async\" class=\"wp-image-163172 alignleft\" src=\"https:\/\/www.idnerja.com\/wp-content\/uploads\/2019\/06\/IMG-20190610-WA0007-400x300.jpg\" alt=\"Nerja Mediterranean Sea\" width=\"275\" height=\"206\" srcset=\"https:\/\/www.idnerja.com\/wp-content\/uploads\/2019\/06\/IMG-20190610-WA0007-400x300.jpg 400w, https:\/\/www.idnerja.com\/wp-content\/uploads\/2019\/06\/IMG-20190610-WA0007-150x113.jpg 150w, https:\/\/www.idnerja.com\/wp-content\/uploads\/2019\/06\/IMG-20190610-WA0007-768x576.jpg 768w, https:\/\/www.idnerja.com\/wp-content\/uploads\/2019\/06\/IMG-20190610-WA0007-800x600.jpg 800w, https:\/\/www.idnerja.com\/wp-content\/uploads\/2019\/06\/IMG-20190610-WA0007.jpg 1024w\" sizes=\"(max-width: 275px) 100vw, 275px\" \/>En la Roma Antigua era llamado Mare Nostrum <\/strong><\/h2>\n<p>Mare Nostrum fue el nombre dado al mar Mediterr\u00e1neo por los romanos en su \u00e9poca imperial, que significaba \u201cmar nuestro\u201d en lat\u00edn. La etimolog\u00eda que ha trascendido a nuestros d\u00edas proviene tambi\u00e9n del lat\u00edn \u201cMar Medi Terraneum\u201d, cuyo significado es \u201cmar en el medio de las tierras\u201d.<\/p>\n<h2><strong>El estrecho de Gibraltar: \u00fanica fuente de renovaci\u00f3n <\/strong><\/h2>\n<p>El Mediterr\u00e1neo se conecta con el oc\u00e9ano Atl\u00e1ntico, que es su \u00fanica fuente de renovaci\u00f3n y reposici\u00f3n de agua. Lo hace \u00fanicamente por el estrecho de Gibraltar, que separa Europa y \u00c1frica y que en su punto m\u00e1s estrecho es de 14,4 kil\u00f3metros. Por ello, se podr\u00eda decir que la cuenca del Mediterr\u00e1neo es \u201ccasi\u201d cerrada<\/p>\n<h4>Descarga el resto de noticias desde aqu\u00ed &gt;&gt; <a href=\"http:\/\/www.idnerja.com\/el-sol\/el-sol-julio-19.pdf\"><strong>El Sol julio 2019<\/strong><\/a><\/h4>\n\n\n<div class=\"kk-star-ratings kksr-auto kksr-align-right kksr-valign-bottom\"\n    data-payload='{&quot;align&quot;:&quot;right&quot;,&quot;id&quot;:&quot;163245&quot;,&quot;slug&quot;:&quot;default&quot;,&quot;valign&quot;:&quot;bottom&quot;,&quot;ignore&quot;:&quot;&quot;,&quot;reference&quot;:&quot;auto&quot;,&quot;class&quot;:&quot;&quot;,&quot;count&quot;:&quot;0&quot;,&quot;legendonly&quot;:&quot;&quot;,&quot;readonly&quot;:&quot;&quot;,&quot;score&quot;:&quot;0&quot;,&quot;starsonly&quot;:&quot;&quot;,&quot;best&quot;:&quot;5&quot;,&quot;gap&quot;:&quot;5&quot;,&quot;greet&quot;:&quot;Rate this post&quot;,&quot;legend&quot;:&quot;0\\\/5 - (0 votos)&quot;,&quot;size&quot;:&quot;24&quot;,&quot;title&quot;:&quot;\\u0026quot;El Sol\\u0026quot; julio 2019&quot;,&quot;width&quot;:&quot;0&quot;,&quot;_legend&quot;:&quot;{score}\\\/{best} - ({count} {votes})&quot;,&quot;font_factor&quot;:&quot;1.25&quot;}'>\n            \n<div class=\"kksr-stars\">\n    \n<div class=\"kksr-stars-inactive\">\n            <div class=\"kksr-star\" data-star=\"1\" style=\"padding-right: 5px\">\n            \n\n<div class=\"kksr-icon\" style=\"width: 24px; height: 24px;\"><\/div>\n        <\/div>\n            <div class=\"kksr-star\" data-star=\"2\" style=\"padding-right: 5px\">\n            \n\n<div class=\"kksr-icon\" style=\"width: 24px; height: 24px;\"><\/div>\n        <\/div>\n            <div class=\"kksr-star\" data-star=\"3\" style=\"padding-right: 5px\">\n            \n\n<div class=\"kksr-icon\" style=\"width: 24px; height: 24px;\"><\/div>\n        <\/div>\n            <div class=\"kksr-star\" data-star=\"4\" style=\"padding-right: 5px\">\n            \n\n<div class=\"kksr-icon\" style=\"width: 24px; height: 24px;\"><\/div>\n        <\/div>\n            <div class=\"kksr-star\" data-star=\"5\" style=\"padding-right: 5px\">\n            \n\n<div class=\"kksr-icon\" style=\"width: 24px; height: 24px;\"><\/div>\n        <\/div>\n    <\/div>\n    \n<div class=\"kksr-stars-active\" style=\"width: 0px;\">\n            <div class=\"kksr-star\" style=\"padding-right: 5px\">\n            \n\n<div class=\"kksr-icon\" style=\"width: 24px; height: 24px;\"><\/div>\n        <\/div>\n            <div class=\"kksr-star\" style=\"padding-right: 5px\">\n            \n\n<div class=\"kksr-icon\" style=\"width: 24px; height: 24px;\"><\/div>\n        <\/div>\n            <div class=\"kksr-star\" style=\"padding-right: 5px\">\n            \n\n<div class=\"kksr-icon\" style=\"width: 24px; height: 24px;\"><\/div>\n        <\/div>\n            <div class=\"kksr-star\" style=\"padding-right: 5px\">\n            \n\n<div class=\"kksr-icon\" style=\"width: 24px; height: 24px;\"><\/div>\n        <\/div>\n            <div class=\"kksr-star\" style=\"padding-right: 5px\">\n            \n\n<div class=\"kksr-icon\" style=\"width: 24px; height: 24px;\"><\/div>\n        <\/div>\n    <\/div>\n<\/div>\n                \n\n<div class=\"kksr-legend\" style=\"font-size: 19.2px;\">\n            <span class=\"kksr-muted\">Rate this post<\/span>\n    <\/div>\n    <\/div>\n","protected":false},"excerpt":{"rendered":"<p>CINCO CURIOSIDADES SOBRE EL MAR MEDITERR\u00c1NEO Cada a\u00f1o, millones de turistas visitan las costas del mar Mediterr\u00e1neo, conocidas por sus magn\u00edficas playas distribuidas en una veintena de pa\u00edses. La diversidad&hellip;<\/p>","protected":false},"author":31,"featured_media":163150,"comment_status":"open","ping_status":"open","sticky":false,"template":"","format":"standard","meta":{"footnotes":""},"categories":[482],"tags":[],"class_list":["post-163245","post","type-post","status-publish","format-standard","has-post-thumbnail","category-el-sol-de-nerja-2"],"_links":{"self":[{"href":"https:\/\/www.idnerja.com\/es\/wp-json\/wp\/v2\/posts\/163245","targetHints":{"allow":["GET"]}}],"collection":[{"href":"https:\/\/www.idnerja.com\/es\/wp-json\/wp\/v2\/posts"}],"about":[{"href":"https:\/\/www.idnerja.com\/es\/wp-json\/wp\/v2\/types\/post"}],"author":[{"embeddable":true,"href":"https:\/\/www.idnerja.com\/es\/wp-json\/wp\/v2\/users\/31"}],"replies":[{"embeddable":true,"href":"https:\/\/www.idnerja.com\/es\/wp-json\/wp\/v2\/comments?post=163245"}],"version-history":[{"count":7,"href":"https:\/\/www.idnerja.com\/es\/wp-json\/wp\/v2\/posts\/163245\/revisions"}],"predecessor-version":[{"id":163253,"href":"https:\/\/www.idnerja.com\/es\/wp-json\/wp\/v2\/posts\/163245\/revisions\/163253"}],"wp:featuredmedia":[{"embeddable":true,"href":"https:\/\/www.idnerja.com\/es\/wp-json\/wp\/v2\/media\/163150"}],"wp:attachment":[{"href":"https:\/\/www.idnerja.com\/es\/wp-json\/wp\/v2\/media?parent=163245"}],"wp:term":[{"taxonomy":"category","embeddable":true,"href":"https:\/\/www.idnerja.com\/es\/wp-json\/wp\/v2\/categories?post=163245"},{"taxonomy":"post_tag","embeddable":true,"href":"https:\/\/www.idnerja.com\/es\/wp-json\/wp\/v2\/tags?post=163245"}],"curies":[{"name":"wp","href":"https:\/\/api.w.org\/{rel}","templated":true}]}}